{"id":10338,"date":"2024-07-11T14:48:00","date_gmt":"2024-07-11T14:48:00","guid":{"rendered":"http:\/\/CBMiZWh0dHBzOi8vd3d3LmZha3QucGwvcGllbmlhZHplL25hdHVyYS16YW15a2Eta29sZWpuZS1wbGFjb3draS10eW0tcmF6ZW0tcGFkbG8tbmEtZmxhZ293eS1za2xlcC84ZWw0eXF30gEA"},"modified":"2024-07-11T14:48:00","modified_gmt":"2024-07-11T14:48:00","slug":"znana-siec-drogerii-zamyka-sklepy-pod-mlotek-poszedl-kultowy-lokal-fakt-pl","status":"publish","type":"post","link":"https:\/\/naturoterapeuci.pl\/?p=10338","title":{"rendered":"Znana sie\u0107 drogerii zamyka sklepy. Pod m\u0142otek poszed\u0142 kultowy lokal &#8211; Fakt.pl"},"content":{"rendered":"<ol>\n<li>Znana sie\u0107 drogerii zamyka sklepy. Pod m\u0142otek poszed\u0142 kultowy lokal&nbsp;&nbsp;<font color=\"#6f6f6f\">Fakt.pl<\/font><\/li>\n<li>Popularna drogeria likwiduje sklepy. Zamkni\u0119to flagow\u0105 plac\u00f3wk\u0119 w Warszawie&nbsp;&nbsp;<font color=\"#6f6f6f\">Interia Biznes<\/font><\/li>\n<li>Popularna sie\u0107 drogerii Natura zamyka sklepy. Flagowa plac\u00f3wka w Warszawie ju\u017c nieczynna&nbsp;&nbsp;<font color=\"#6f6f6f\">RMF FM<\/font><\/li>\n<li>Znana drogeria zamyka sklepy. Jej plac\u00f3wka znajduje si\u0119 tak\u017ce w Gostyniu&nbsp;&nbsp;<font color=\"#6f6f6f\">Gostyn24<\/font><\/li>\n<li>Polki uwielbia\u0142y t\u0119 drogeri\u0119. Popularny punkt zostanie zlikwidowany&nbsp;&nbsp;<font color=\"#6f6f6f\">Dziennik.pl<\/font><\/li>\n<li>Popularna w Polsce sie\u0107 drogerii zamyka kolejny sklep. Od pocz\u0105tku roku zlikwidowano ponad 20 punkt\u00f3w&nbsp;&nbsp;<font color=\"#6f6f6f\">G.pl<\/font><\/li>\n<li>Popularna drogeria likwiduje kluczowy sklep. Polacy ch\u0119tnie robili tam zakupy&nbsp;&nbsp;<font color=\"#6f6f6f\">Wiadomo\u015bci Radio ZET<\/font><\/li>\n<li>Du\u017ca sieci\u00f3wka zamyka swoje drogerie. W\u0142a\u015bnie zlikwidowano najwi\u0119kszy salon&nbsp;&nbsp;<font color=\"#6f6f6f\">salon24.pl<\/font><\/li>\n<li>Popularna drogeria zamyka sklepy. Znamy powody&nbsp;&nbsp;<font color=\"#6f6f6f\">biznesinfo.pl<\/font><\/li>\n<\/ol>\n","protected":false},"excerpt":{"rendered":"<p>Znana sie\u0107 drogerii zamyka sklepy. Pod m\u0142otek poszed\u0142 kultowy lokal&nbsp;&nbsp;Fakt.pl Popularna drogeria likwiduje sklepy. Zamkni\u0119to flagow\u0105 plac\u00f3wk\u0119 w Warszawie&nbsp;&nbsp;Interia Biznes Popularna sie\u0107 drogerii Natura zamyka sklepy. Flagowa plac\u00f3wka w Warszawie ju\u017c nieczynna&nbsp;&nbsp;RMF FM Znana drogeria zamyka sklepy. Jej plac\u00f3wka znajduje si\u0119 tak\u017ce w Gostyniu&nbsp;&nbsp;Gostyn24&#8230;<\/p>\n","protected":false},"author":1,"featured_media":0,"comment_status":"closed","ping_status":"closed","sticky":false,"template":"","format":"standard","meta":{"footnotes":""},"categories":[1],"tags":[],"class_list":["post-10338","post","type-post","status-publish","format-standard","hentry","category-uncategorized"],"yoast_head":"<!-- This site is optimized with the Yoast SEO plugin v21.7 - https:\/\/yoast.com\/wordpress\/plugins\/seo\/ -->\n<title>Znana sie\u0107 drogerii zamyka sklepy. Pod m\u0142otek poszed\u0142 kultowy lokal - Fakt.pl - Naturoterapeuci<\/title>\n<meta name=\"robots\" content=\"index, follow, max-snippet:-1, max-image-preview:large, max-video-preview:-1\" \/>\n<link rel=\"canonical\" href=\"https:\/\/naturoterapeuci.pl\/?p=10338\" \/>\n<meta property=\"og:locale\" content=\"pl_PL\" \/>\n<meta property=\"og:type\" content=\"article\" \/>\n<meta property=\"og:title\" content=\"Znana sie\u0107 drogerii zamyka sklepy. Pod m\u0142otek poszed\u0142 kultowy lokal - Fakt.pl - Naturoterapeuci\" \/>\n<meta property=\"og:description\" content=\"Znana sie\u0107 drogerii zamyka sklepy. Pod m\u0142otek poszed\u0142 kultowy lokal&nbsp;&nbsp;Fakt.pl Popularna drogeria likwiduje sklepy. Zamkni\u0119to flagow\u0105 plac\u00f3wk\u0119 w Warszawie&nbsp;&nbsp;Interia Biznes Popularna sie\u0107 drogerii Natura zamyka sklepy. Flagowa plac\u00f3wka w Warszawie ju\u017c nieczynna&nbsp;&nbsp;RMF FM Znana drogeria zamyka sklepy. Jej plac\u00f3wka znajduje si\u0119 tak\u017ce w Gostyniu&nbsp;&nbsp;Gostyn24...\" \/>\n<meta property=\"og:url\" content=\"https:\/\/naturoterapeuci.pl\/?p=10338\" \/>\n<meta property=\"og:site_name\" content=\"Naturoterapeuci\" \/>\n<meta property=\"article:published_time\" content=\"2024-07-11T14:48:00+00:00\" \/>\n<meta name=\"author\" content=\"admin\" \/>\n<meta name=\"twitter:card\" content=\"summary_large_image\" \/>\n<meta name=\"twitter:label1\" content=\"Napisane przez\" \/>\n\t<meta name=\"twitter:data1\" content=\"admin\" \/>\n\t<meta name=\"twitter:label2\" content=\"Szacowany czas czytania\" \/>\n\t<meta name=\"twitter:data2\" content=\"1 minuta\" \/>\n<script type=\"application\/ld+json\" class=\"yoast-schema-graph\">{\"@context\":\"https:\/\/schema.org\",\"@graph\":[{\"@type\":\"WebPage\",\"@id\":\"https:\/\/naturoterapeuci.pl\/?p=10338\",\"url\":\"https:\/\/naturoterapeuci.pl\/?p=10338\",\"name\":\"Znana sie\u0107 drogerii zamyka sklepy. Pod m\u0142otek poszed\u0142 kultowy lokal - Fakt.pl - Naturoterapeuci\",\"isPartOf\":{\"@id\":\"https:\/\/naturoterapeuci.pl\/#website\"},\"datePublished\":\"2024-07-11T14:48:00+00:00\",\"dateModified\":\"2024-07-11T14:48:00+00:00\",\"author\":{\"@id\":\"https:\/\/naturoterapeuci.pl\/#\/schema\/person\/259ed37e00a84a20ea495c60c6387ed2\"},\"breadcrumb\":{\"@id\":\"https:\/\/naturoterapeuci.pl\/?p=10338#breadcrumb\"},\"inLanguage\":\"pl-PL\",\"potentialAction\":[{\"@type\":\"ReadAction\",\"target\":[\"https:\/\/naturoterapeuci.pl\/?p=10338\"]}]},{\"@type\":\"BreadcrumbList\",\"@id\":\"https:\/\/naturoterapeuci.pl\/?p=10338#breadcrumb\",\"itemListElement\":[{\"@type\":\"ListItem\",\"position\":1,\"name\":\"Home\",\"item\":\"https:\/\/naturoterapeuci.pl\/\"},{\"@type\":\"ListItem\",\"position\":2,\"name\":\"Znana sie\u0107 drogerii zamyka sklepy. Pod m\u0142otek poszed\u0142 kultowy lokal &#8211; Fakt.pl\"}]},{\"@type\":\"WebSite\",\"@id\":\"https:\/\/naturoterapeuci.pl\/#website\",\"url\":\"https:\/\/naturoterapeuci.pl\/\",\"name\":\"Naturoterapeuci\",\"description\":\"\u017byj zgodnie z Natur\u0105\",\"potentialAction\":[{\"@type\":\"SearchAction\",\"target\":{\"@type\":\"EntryPoint\",\"urlTemplate\":\"https:\/\/naturoterapeuci.pl\/?s={search_term_string}\"},\"query-input\":\"required name=search_term_string\"}],\"inLanguage\":\"pl-PL\"},{\"@type\":\"Person\",\"@id\":\"https:\/\/naturoterapeuci.pl\/#\/schema\/person\/259ed37e00a84a20ea495c60c6387ed2\",\"name\":\"admin\",\"image\":{\"@type\":\"ImageObject\",\"inLanguage\":\"pl-PL\",\"@id\":\"https:\/\/naturoterapeuci.pl\/#\/schema\/person\/image\/\",\"url\":\"https:\/\/secure.gravatar.com\/avatar\/b34bd19e5ed172863773dc37159273523f70061ec423a40ec5cf0b2bb056f60d?s=96&d=mm&r=g\",\"contentUrl\":\"https:\/\/secure.gravatar.com\/avatar\/b34bd19e5ed172863773dc37159273523f70061ec423a40ec5cf0b2bb056f60d?s=96&d=mm&r=g\",\"caption\":\"admin\"},\"sameAs\":[\"https:\/\/naturoterapeuci.pl\"],\"url\":\"https:\/\/naturoterapeuci.pl\/?author=1\"}]}<\/script>\n<!-- \/ Yoast SEO plugin. -->","yoast_head_json":{"title":"Znana sie\u0107 drogerii zamyka sklepy. Pod m\u0142otek poszed\u0142 kultowy lokal - Fakt.pl - Naturoterapeuci","robots":{"index":"index","follow":"follow","max-snippet":"max-snippet:-1","max-image-preview":"max-image-preview:large","max-video-preview":"max-video-preview:-1"},"canonical":"https:\/\/naturoterapeuci.pl\/?p=10338","og_locale":"pl_PL","og_type":"article","og_title":"Znana sie\u0107 drogerii zamyka sklepy. Pod m\u0142otek poszed\u0142 kultowy lokal - Fakt.pl - Naturoterapeuci","og_description":"Znana sie\u0107 drogerii zamyka sklepy. Pod m\u0142otek poszed\u0142 kultowy lokal&nbsp;&nbsp;Fakt.pl Popularna drogeria likwiduje sklepy. Zamkni\u0119to flagow\u0105 plac\u00f3wk\u0119 w Warszawie&nbsp;&nbsp;Interia Biznes Popularna sie\u0107 drogerii Natura zamyka sklepy. Flagowa plac\u00f3wka w Warszawie ju\u017c nieczynna&nbsp;&nbsp;RMF FM Znana drogeria zamyka sklepy. Jej plac\u00f3wka znajduje si\u0119 tak\u017ce w Gostyniu&nbsp;&nbsp;Gostyn24...","og_url":"https:\/\/naturoterapeuci.pl\/?p=10338","og_site_name":"Naturoterapeuci","article_published_time":"2024-07-11T14:48:00+00:00","author":"admin","twitter_card":"summary_large_image","twitter_misc":{"Napisane przez":"admin","Szacowany czas czytania":"1 minuta"},"schema":{"@context":"https:\/\/schema.org","@graph":[{"@type":"WebPage","@id":"https:\/\/naturoterapeuci.pl\/?p=10338","url":"https:\/\/naturoterapeuci.pl\/?p=10338","name":"Znana sie\u0107 drogerii zamyka sklepy. Pod m\u0142otek poszed\u0142 kultowy lokal - Fakt.pl - Naturoterapeuci","isPartOf":{"@id":"https:\/\/naturoterapeuci.pl\/#website"},"datePublished":"2024-07-11T14:48:00+00:00","dateModified":"2024-07-11T14:48:00+00:00","author":{"@id":"https:\/\/naturoterapeuci.pl\/#\/schema\/person\/259ed37e00a84a20ea495c60c6387ed2"},"breadcrumb":{"@id":"https:\/\/naturoterapeuci.pl\/?p=10338#breadcrumb"},"inLanguage":"pl-PL","potentialAction":[{"@type":"ReadAction","target":["https:\/\/naturoterapeuci.pl\/?p=10338"]}]},{"@type":"BreadcrumbList","@id":"https:\/\/naturoterapeuci.pl\/?p=10338#breadcrumb","itemListElement":[{"@type":"ListItem","position":1,"name":"Home","item":"https:\/\/naturoterapeuci.pl\/"},{"@type":"ListItem","position":2,"name":"Znana sie\u0107 drogerii zamyka sklepy. Pod m\u0142otek poszed\u0142 kultowy lokal &#8211; Fakt.pl"}]},{"@type":"WebSite","@id":"https:\/\/naturoterapeuci.pl\/#website","url":"https:\/\/naturoterapeuci.pl\/","name":"Naturoterapeuci","description":"\u017byj zgodnie z Natur\u0105","potentialAction":[{"@type":"SearchAction","target":{"@type":"EntryPoint","urlTemplate":"https:\/\/naturoterapeuci.pl\/?s={search_term_string}"},"query-input":"required name=search_term_string"}],"inLanguage":"pl-PL"},{"@type":"Person","@id":"https:\/\/naturoterapeuci.pl\/#\/schema\/person\/259ed37e00a84a20ea495c60c6387ed2","name":"admin","image":{"@type":"ImageObject","inLanguage":"pl-PL","@id":"https:\/\/naturoterapeuci.pl\/#\/schema\/person\/image\/","url":"https:\/\/secure.gravatar.com\/avatar\/b34bd19e5ed172863773dc37159273523f70061ec423a40ec5cf0b2bb056f60d?s=96&d=mm&r=g","contentUrl":"https:\/\/secure.gravatar.com\/avatar\/b34bd19e5ed172863773dc37159273523f70061ec423a40ec5cf0b2bb056f60d?s=96&d=mm&r=g","caption":"admin"},"sameAs":["https:\/\/naturoterapeuci.pl"],"url":"https:\/\/naturoterapeuci.pl\/?author=1"}]}},"jetpack_featured_media_url":"","_links":{"self":[{"href":"https:\/\/naturoterapeuci.pl\/index.php?rest_route=\/wp\/v2\/posts\/10338","targetHints":{"allow":["GET"]}}],"collection":[{"href":"https:\/\/naturoterapeuci.pl\/index.php?rest_route=\/wp\/v2\/posts"}],"about":[{"href":"https:\/\/naturoterapeuci.pl\/index.php?rest_route=\/wp\/v2\/types\/post"}],"author":[{"embeddable":true,"href":"https:\/\/naturoterapeuci.pl\/index.php?rest_route=\/wp\/v2\/users\/1"}],"replies":[{"embeddable":true,"href":"https:\/\/naturoterapeuci.pl\/index.php?rest_route=%2Fwp%2Fv2%2Fcomments&post=10338"}],"version-history":[{"count":0,"href":"https:\/\/naturoterapeuci.pl\/index.php?rest_route=\/wp\/v2\/posts\/10338\/revisions"}],"wp:attachment":[{"href":"https:\/\/naturoterapeuci.pl\/index.php?rest_route=%2Fwp%2Fv2%2Fmedia&parent=10338"}],"wp:term":[{"taxonomy":"category","embeddable":true,"href":"https:\/\/naturoterapeuci.pl\/index.php?rest_route=%2Fwp%2Fv2%2Fcategories&post=10338"},{"taxonomy":"post_tag","embeddable":true,"href":"https:\/\/naturoterapeuci.pl\/index.php?rest_route=%2Fwp%2Fv2%2Ftags&post=10338"}],"curies":[{"name":"wp","href":"https:\/\/api.w.org\/{rel}","templated":true}]}}