{"id":1941,"date":"2021-09-26T15:57:24","date_gmt":"2021-09-26T15:57:24","guid":{"rendered":"http:\/\/CBMibmh0dHBzOi8vZWNob2RuaWEuZXUvc3dpZXRva3J6eXNraWUvdy1rb3p1Ym93aWUtcG9kc3Vtb3dhbGktcHJvamVrdC1vZC1rdWx0dXJ5LWRvLW5hdHVyeS16ZGplY2lhL2FyL2MxLTE1ODIyMjQ30gEA"},"modified":"2021-09-26T15:57:24","modified_gmt":"2021-09-26T15:57:24","slug":"w-kozubowie-podsumowali-projekt-od-kultury-do-natury-zdjecia-echo-dnia-swietokrzyskie","status":"publish","type":"post","link":"https:\/\/naturoterapeuci.pl\/?p=1941","title":{"rendered":"W Kozubowie podsumowali projekt &#8222;Od kultury do natury&#8221; ZDJ\u0118CIA &#8211; Echo Dnia \u015awi\u0119tokrzyskie"},"content":{"rendered":"<p>W Kozubowie podsumowali projekt &#8222;Od kultury do natury&#8221; ZDJ\u0118CIA&nbsp;&nbsp;<font color=\"#6f6f6f\">Echo Dnia \u015awi\u0119tokrzyskie<\/font><\/p>\n","protected":false},"excerpt":{"rendered":"<p>W Kozubowie podsumowali projekt &#8222;Od kultury do natury&#8221; ZDJ\u0118CIA&nbsp;&nbsp;Echo Dnia \u015awi\u0119tokrzyskie<\/p>\n","protected":false},"author":1,"featured_media":0,"comment_status":"closed","ping_status":"closed","sticky":false,"template":"","format":"standard","meta":{"footnotes":""},"categories":[1],"tags":[],"class_list":["post-1941","post","type-post","status-publish","format-standard","hentry","category-uncategorized"],"yoast_head":"<!-- This site is optimized with the Yoast SEO plugin v21.7 - https:\/\/yoast.com\/wordpress\/plugins\/seo\/ -->\n<title>W Kozubowie podsumowali projekt &quot;Od kultury do natury&quot; ZDJ\u0118CIA - Echo Dnia \u015awi\u0119tokrzyskie - Naturoterapeuci<\/title>\n<meta name=\"robots\" content=\"index, follow, max-snippet:-1, max-image-preview:large, max-video-preview:-1\" \/>\n<link rel=\"canonical\" href=\"https:\/\/naturoterapeuci.pl\/?p=1941\" \/>\n<meta property=\"og:locale\" content=\"pl_PL\" \/>\n<meta property=\"og:type\" content=\"article\" \/>\n<meta property=\"og:title\" content=\"W Kozubowie podsumowali projekt &quot;Od kultury do natury&quot; ZDJ\u0118CIA - Echo Dnia \u015awi\u0119tokrzyskie - Naturoterapeuci\" \/>\n<meta property=\"og:description\" content=\"W Kozubowie podsumowali projekt &#8222;Od kultury do natury&#8221; ZDJ\u0118CIA&nbsp;&nbsp;Echo Dnia \u015awi\u0119tokrzyskie\" \/>\n<meta property=\"og:url\" content=\"https:\/\/naturoterapeuci.pl\/?p=1941\" \/>\n<meta property=\"og:site_name\" content=\"Naturoterapeuci\" \/>\n<meta property=\"article:published_time\" content=\"2021-09-26T15:57:24+00:00\" \/>\n<meta name=\"author\" content=\"admin\" \/>\n<meta name=\"twitter:card\" content=\"summary_large_image\" \/>\n<meta name=\"twitter:label1\" content=\"Napisane przez\" \/>\n\t<meta name=\"twitter:data1\" content=\"admin\" \/>\n<script type=\"application\/ld+json\" class=\"yoast-schema-graph\">{\"@context\":\"https:\/\/schema.org\",\"@graph\":[{\"@type\":\"WebPage\",\"@id\":\"https:\/\/naturoterapeuci.pl\/?p=1941\",\"url\":\"https:\/\/naturoterapeuci.pl\/?p=1941\",\"name\":\"W Kozubowie podsumowali projekt \\\"Od kultury do natury\\\" ZDJ\u0118CIA - Echo Dnia \u015awi\u0119tokrzyskie - Naturoterapeuci\",\"isPartOf\":{\"@id\":\"https:\/\/naturoterapeuci.pl\/#website\"},\"datePublished\":\"2021-09-26T15:57:24+00:00\",\"dateModified\":\"2021-09-26T15:57:24+00:00\",\"author\":{\"@id\":\"https:\/\/naturoterapeuci.pl\/#\/schema\/person\/259ed37e00a84a20ea495c60c6387ed2\"},\"breadcrumb\":{\"@id\":\"https:\/\/naturoterapeuci.pl\/?p=1941#breadcrumb\"},\"inLanguage\":\"pl-PL\",\"potentialAction\":[{\"@type\":\"ReadAction\",\"target\":[\"https:\/\/naturoterapeuci.pl\/?p=1941\"]}]},{\"@type\":\"BreadcrumbList\",\"@id\":\"https:\/\/naturoterapeuci.pl\/?p=1941#breadcrumb\",\"itemListElement\":[{\"@type\":\"ListItem\",\"position\":1,\"name\":\"Home\",\"item\":\"https:\/\/naturoterapeuci.pl\/\"},{\"@type\":\"ListItem\",\"position\":2,\"name\":\"W Kozubowie podsumowali projekt &#8222;Od kultury do natury&#8221; ZDJ\u0118CIA &#8211; Echo Dnia \u015awi\u0119tokrzyskie\"}]},{\"@type\":\"WebSite\",\"@id\":\"https:\/\/naturoterapeuci.pl\/#website\",\"url\":\"https:\/\/naturoterapeuci.pl\/\",\"name\":\"Naturoterapeuci\",\"description\":\"\u017byj zgodnie z Natur\u0105\",\"potentialAction\":[{\"@type\":\"SearchAction\",\"target\":{\"@type\":\"EntryPoint\",\"urlTemplate\":\"https:\/\/naturoterapeuci.pl\/?s={search_term_string}\"},\"query-input\":\"required name=search_term_string\"}],\"inLanguage\":\"pl-PL\"},{\"@type\":\"Person\",\"@id\":\"https:\/\/naturoterapeuci.pl\/#\/schema\/person\/259ed37e00a84a20ea495c60c6387ed2\",\"name\":\"admin\",\"image\":{\"@type\":\"ImageObject\",\"inLanguage\":\"pl-PL\",\"@id\":\"https:\/\/naturoterapeuci.pl\/#\/schema\/person\/image\/\",\"url\":\"https:\/\/secure.gravatar.com\/avatar\/b34bd19e5ed172863773dc37159273523f70061ec423a40ec5cf0b2bb056f60d?s=96&d=mm&r=g\",\"contentUrl\":\"https:\/\/secure.gravatar.com\/avatar\/b34bd19e5ed172863773dc37159273523f70061ec423a40ec5cf0b2bb056f60d?s=96&d=mm&r=g\",\"caption\":\"admin\"},\"sameAs\":[\"https:\/\/naturoterapeuci.pl\"],\"url\":\"https:\/\/naturoterapeuci.pl\/?author=1\"}]}<\/script>\n<!-- \/ Yoast SEO plugin. -->","yoast_head_json":{"title":"W Kozubowie podsumowali projekt \"Od kultury do natury\" ZDJ\u0118CIA - Echo Dnia \u015awi\u0119tokrzyskie - Naturoterapeuci","robots":{"index":"index","follow":"follow","max-snippet":"max-snippet:-1","max-image-preview":"max-image-preview:large","max-video-preview":"max-video-preview:-1"},"canonical":"https:\/\/naturoterapeuci.pl\/?p=1941","og_locale":"pl_PL","og_type":"article","og_title":"W Kozubowie podsumowali projekt \"Od kultury do natury\" ZDJ\u0118CIA - Echo Dnia \u015awi\u0119tokrzyskie - Naturoterapeuci","og_description":"W Kozubowie podsumowali projekt &#8222;Od kultury do natury&#8221; ZDJ\u0118CIA&nbsp;&nbsp;Echo Dnia \u015awi\u0119tokrzyskie","og_url":"https:\/\/naturoterapeuci.pl\/?p=1941","og_site_name":"Naturoterapeuci","article_published_time":"2021-09-26T15:57:24+00:00","author":"admin","twitter_card":"summary_large_image","twitter_misc":{"Napisane przez":"admin"},"schema":{"@context":"https:\/\/schema.org","@graph":[{"@type":"WebPage","@id":"https:\/\/naturoterapeuci.pl\/?p=1941","url":"https:\/\/naturoterapeuci.pl\/?p=1941","name":"W Kozubowie podsumowali projekt \"Od kultury do natury\" ZDJ\u0118CIA - Echo Dnia \u015awi\u0119tokrzyskie - Naturoterapeuci","isPartOf":{"@id":"https:\/\/naturoterapeuci.pl\/#website"},"datePublished":"2021-09-26T15:57:24+00:00","dateModified":"2021-09-26T15:57:24+00:00","author":{"@id":"https:\/\/naturoterapeuci.pl\/#\/schema\/person\/259ed37e00a84a20ea495c60c6387ed2"},"breadcrumb":{"@id":"https:\/\/naturoterapeuci.pl\/?p=1941#breadcrumb"},"inLanguage":"pl-PL","potentialAction":[{"@type":"ReadAction","target":["https:\/\/naturoterapeuci.pl\/?p=1941"]}]},{"@type":"BreadcrumbList","@id":"https:\/\/naturoterapeuci.pl\/?p=1941#breadcrumb","itemListElement":[{"@type":"ListItem","position":1,"name":"Home","item":"https:\/\/naturoterapeuci.pl\/"},{"@type":"ListItem","position":2,"name":"W Kozubowie podsumowali projekt &#8222;Od kultury do natury&#8221; ZDJ\u0118CIA &#8211; Echo Dnia \u015awi\u0119tokrzyskie"}]},{"@type":"WebSite","@id":"https:\/\/naturoterapeuci.pl\/#website","url":"https:\/\/naturoterapeuci.pl\/","name":"Naturoterapeuci","description":"\u017byj zgodnie z Natur\u0105","potentialAction":[{"@type":"SearchAction","target":{"@type":"EntryPoint","urlTemplate":"https:\/\/naturoterapeuci.pl\/?s={search_term_string}"},"query-input":"required name=search_term_string"}],"inLanguage":"pl-PL"},{"@type":"Person","@id":"https:\/\/naturoterapeuci.pl\/#\/schema\/person\/259ed37e00a84a20ea495c60c6387ed2","name":"admin","image":{"@type":"ImageObject","inLanguage":"pl-PL","@id":"https:\/\/naturoterapeuci.pl\/#\/schema\/person\/image\/","url":"https:\/\/secure.gravatar.com\/avatar\/b34bd19e5ed172863773dc37159273523f70061ec423a40ec5cf0b2bb056f60d?s=96&d=mm&r=g","contentUrl":"https:\/\/secure.gravatar.com\/avatar\/b34bd19e5ed172863773dc37159273523f70061ec423a40ec5cf0b2bb056f60d?s=96&d=mm&r=g","caption":"admin"},"sameAs":["https:\/\/naturoterapeuci.pl"],"url":"https:\/\/naturoterapeuci.pl\/?author=1"}]}},"jetpack_featured_media_url":"","_links":{"self":[{"href":"https:\/\/naturoterapeuci.pl\/index.php?rest_route=\/wp\/v2\/posts\/1941","targetHints":{"allow":["GET"]}}],"collection":[{"href":"https:\/\/naturoterapeuci.pl\/index.php?rest_route=\/wp\/v2\/posts"}],"about":[{"href":"https:\/\/naturoterapeuci.pl\/index.php?rest_route=\/wp\/v2\/types\/post"}],"author":[{"embeddable":true,"href":"https:\/\/naturoterapeuci.pl\/index.php?rest_route=\/wp\/v2\/users\/1"}],"replies":[{"embeddable":true,"href":"https:\/\/naturoterapeuci.pl\/index.php?rest_route=%2Fwp%2Fv2%2Fcomments&post=1941"}],"version-history":[{"count":0,"href":"https:\/\/naturoterapeuci.pl\/index.php?rest_route=\/wp\/v2\/posts\/1941\/revisions"}],"wp:attachment":[{"href":"https:\/\/naturoterapeuci.pl\/index.php?rest_route=%2Fwp%2Fv2%2Fmedia&parent=1941"}],"wp:term":[{"taxonomy":"category","embeddable":true,"href":"https:\/\/naturoterapeuci.pl\/index.php?rest_route=%2Fwp%2Fv2%2Fcategories&post=1941"},{"taxonomy":"post_tag","embeddable":true,"href":"https:\/\/naturoterapeuci.pl\/index.php?rest_route=%2Fwp%2Fv2%2Ftags&post=1941"}],"curies":[{"name":"wp","href":"https:\/\/api.w.org\/{rel}","templated":true}]}}