{"id":2022,"date":"2021-10-06T11:01:28","date_gmt":"2021-10-06T11:01:28","guid":{"rendered":"http:\/\/CBMifGh0dHBzOi8vdHZuMjQucGwvc3dpYXQvcHJlbWllci1tYXRldXN6LW1vcmF3aWVja2ktb3Bvd2lhZGEtc2llLXphLXR5bS1ieS1wYW5zdHdhLWJhbGthbm93LXphY2hvZG5pY2gtZG9sYWN6eWx5LWRvLXVlLTU0NDE1MjLSAQA"},"modified":"2021-10-06T11:01:28","modified_gmt":"2021-10-06T11:01:28","slug":"premier-mateusz-morawiecki-opowiada-sie-za-tym-by-panstwa-balkanow-zachodnich-dolaczyly-do-ue-tvn24","status":"publish","type":"post","link":"https:\/\/naturoterapeuci.pl\/?p=2022","title":{"rendered":"Premier Mateusz Morawiecki opowiada si\u0119 za tym, by pa\u0144stwa Ba\u0142kan\u00f3w Zachodnich do\u0142\u0105czy\u0142y do UE &#8211; TVN24"},"content":{"rendered":"<p>Premier Mateusz Morawiecki opowiada si\u0119 za tym, by pa\u0144stwa Ba\u0142kan\u00f3w Zachodnich do\u0142\u0105czy\u0142y do UE&nbsp;&nbsp;<font color=\"#6f6f6f\">TVN24<\/font><\/p>\n","protected":false},"excerpt":{"rendered":"<p>Premier Mateusz Morawiecki opowiada si\u0119 za tym, by pa\u0144stwa Ba\u0142kan\u00f3w Zachodnich do\u0142\u0105czy\u0142y do UE&nbsp;&nbsp;TVN24<\/p>\n","protected":false},"author":1,"featured_media":0,"comment_status":"closed","ping_status":"closed","sticky":false,"template":"","format":"standard","meta":{"footnotes":""},"categories":[1],"tags":[],"class_list":["post-2022","post","type-post","status-publish","format-standard","hentry","category-uncategorized"],"yoast_head":"<!-- This site is optimized with the Yoast SEO plugin v21.7 - https:\/\/yoast.com\/wordpress\/plugins\/seo\/ -->\n<title>Premier Mateusz Morawiecki opowiada si\u0119 za tym, by pa\u0144stwa Ba\u0142kan\u00f3w Zachodnich do\u0142\u0105czy\u0142y do UE - TVN24 - Naturoterapeuci<\/title>\n<meta name=\"robots\" content=\"index, follow, max-snippet:-1, max-image-preview:large, max-video-preview:-1\" \/>\n<link rel=\"canonical\" href=\"https:\/\/naturoterapeuci.pl\/?p=2022\" \/>\n<meta property=\"og:locale\" content=\"pl_PL\" \/>\n<meta property=\"og:type\" content=\"article\" \/>\n<meta property=\"og:title\" content=\"Premier Mateusz Morawiecki opowiada si\u0119 za tym, by pa\u0144stwa Ba\u0142kan\u00f3w Zachodnich do\u0142\u0105czy\u0142y do UE - TVN24 - Naturoterapeuci\" \/>\n<meta property=\"og:description\" content=\"Premier Mateusz Morawiecki opowiada si\u0119 za tym, by pa\u0144stwa Ba\u0142kan\u00f3w Zachodnich do\u0142\u0105czy\u0142y do UE&nbsp;&nbsp;TVN24\" \/>\n<meta property=\"og:url\" content=\"https:\/\/naturoterapeuci.pl\/?p=2022\" \/>\n<meta property=\"og:site_name\" content=\"Naturoterapeuci\" \/>\n<meta property=\"article:published_time\" content=\"2021-10-06T11:01:28+00:00\" \/>\n<meta name=\"author\" content=\"admin\" \/>\n<meta name=\"twitter:card\" content=\"summary_large_image\" \/>\n<meta name=\"twitter:label1\" content=\"Napisane przez\" \/>\n\t<meta name=\"twitter:data1\" content=\"admin\" \/>\n<script type=\"application\/ld+json\" class=\"yoast-schema-graph\">{\"@context\":\"https:\/\/schema.org\",\"@graph\":[{\"@type\":\"WebPage\",\"@id\":\"https:\/\/naturoterapeuci.pl\/?p=2022\",\"url\":\"https:\/\/naturoterapeuci.pl\/?p=2022\",\"name\":\"Premier Mateusz Morawiecki opowiada si\u0119 za tym, by pa\u0144stwa Ba\u0142kan\u00f3w Zachodnich do\u0142\u0105czy\u0142y do UE - TVN24 - Naturoterapeuci\",\"isPartOf\":{\"@id\":\"https:\/\/naturoterapeuci.pl\/#website\"},\"datePublished\":\"2021-10-06T11:01:28+00:00\",\"dateModified\":\"2021-10-06T11:01:28+00:00\",\"author\":{\"@id\":\"https:\/\/naturoterapeuci.pl\/#\/schema\/person\/259ed37e00a84a20ea495c60c6387ed2\"},\"breadcrumb\":{\"@id\":\"https:\/\/naturoterapeuci.pl\/?p=2022#breadcrumb\"},\"inLanguage\":\"pl-PL\",\"potentialAction\":[{\"@type\":\"ReadAction\",\"target\":[\"https:\/\/naturoterapeuci.pl\/?p=2022\"]}]},{\"@type\":\"BreadcrumbList\",\"@id\":\"https:\/\/naturoterapeuci.pl\/?p=2022#breadcrumb\",\"itemListElement\":[{\"@type\":\"ListItem\",\"position\":1,\"name\":\"Home\",\"item\":\"https:\/\/naturoterapeuci.pl\/\"},{\"@type\":\"ListItem\",\"position\":2,\"name\":\"Premier Mateusz Morawiecki opowiada si\u0119 za tym, by pa\u0144stwa Ba\u0142kan\u00f3w Zachodnich do\u0142\u0105czy\u0142y do UE &#8211; TVN24\"}]},{\"@type\":\"WebSite\",\"@id\":\"https:\/\/naturoterapeuci.pl\/#website\",\"url\":\"https:\/\/naturoterapeuci.pl\/\",\"name\":\"Naturoterapeuci\",\"description\":\"\u017byj zgodnie z Natur\u0105\",\"potentialAction\":[{\"@type\":\"SearchAction\",\"target\":{\"@type\":\"EntryPoint\",\"urlTemplate\":\"https:\/\/naturoterapeuci.pl\/?s={search_term_string}\"},\"query-input\":\"required name=search_term_string\"}],\"inLanguage\":\"pl-PL\"},{\"@type\":\"Person\",\"@id\":\"https:\/\/naturoterapeuci.pl\/#\/schema\/person\/259ed37e00a84a20ea495c60c6387ed2\",\"name\":\"admin\",\"image\":{\"@type\":\"ImageObject\",\"inLanguage\":\"pl-PL\",\"@id\":\"https:\/\/naturoterapeuci.pl\/#\/schema\/person\/image\/\",\"url\":\"https:\/\/secure.gravatar.com\/avatar\/b34bd19e5ed172863773dc37159273523f70061ec423a40ec5cf0b2bb056f60d?s=96&d=mm&r=g\",\"contentUrl\":\"https:\/\/secure.gravatar.com\/avatar\/b34bd19e5ed172863773dc37159273523f70061ec423a40ec5cf0b2bb056f60d?s=96&d=mm&r=g\",\"caption\":\"admin\"},\"sameAs\":[\"https:\/\/naturoterapeuci.pl\"],\"url\":\"https:\/\/naturoterapeuci.pl\/?author=1\"}]}<\/script>\n<!-- \/ Yoast SEO plugin. -->","yoast_head_json":{"title":"Premier Mateusz Morawiecki opowiada si\u0119 za tym, by pa\u0144stwa Ba\u0142kan\u00f3w Zachodnich do\u0142\u0105czy\u0142y do UE - TVN24 - Naturoterapeuci","robots":{"index":"index","follow":"follow","max-snippet":"max-snippet:-1","max-image-preview":"max-image-preview:large","max-video-preview":"max-video-preview:-1"},"canonical":"https:\/\/naturoterapeuci.pl\/?p=2022","og_locale":"pl_PL","og_type":"article","og_title":"Premier Mateusz Morawiecki opowiada si\u0119 za tym, by pa\u0144stwa Ba\u0142kan\u00f3w Zachodnich do\u0142\u0105czy\u0142y do UE - TVN24 - Naturoterapeuci","og_description":"Premier Mateusz Morawiecki opowiada si\u0119 za tym, by pa\u0144stwa Ba\u0142kan\u00f3w Zachodnich do\u0142\u0105czy\u0142y do UE&nbsp;&nbsp;TVN24","og_url":"https:\/\/naturoterapeuci.pl\/?p=2022","og_site_name":"Naturoterapeuci","article_published_time":"2021-10-06T11:01:28+00:00","author":"admin","twitter_card":"summary_large_image","twitter_misc":{"Napisane przez":"admin"},"schema":{"@context":"https:\/\/schema.org","@graph":[{"@type":"WebPage","@id":"https:\/\/naturoterapeuci.pl\/?p=2022","url":"https:\/\/naturoterapeuci.pl\/?p=2022","name":"Premier Mateusz Morawiecki opowiada si\u0119 za tym, by pa\u0144stwa Ba\u0142kan\u00f3w Zachodnich do\u0142\u0105czy\u0142y do UE - TVN24 - Naturoterapeuci","isPartOf":{"@id":"https:\/\/naturoterapeuci.pl\/#website"},"datePublished":"2021-10-06T11:01:28+00:00","dateModified":"2021-10-06T11:01:28+00:00","author":{"@id":"https:\/\/naturoterapeuci.pl\/#\/schema\/person\/259ed37e00a84a20ea495c60c6387ed2"},"breadcrumb":{"@id":"https:\/\/naturoterapeuci.pl\/?p=2022#breadcrumb"},"inLanguage":"pl-PL","potentialAction":[{"@type":"ReadAction","target":["https:\/\/naturoterapeuci.pl\/?p=2022"]}]},{"@type":"BreadcrumbList","@id":"https:\/\/naturoterapeuci.pl\/?p=2022#breadcrumb","itemListElement":[{"@type":"ListItem","position":1,"name":"Home","item":"https:\/\/naturoterapeuci.pl\/"},{"@type":"ListItem","position":2,"name":"Premier Mateusz Morawiecki opowiada si\u0119 za tym, by pa\u0144stwa Ba\u0142kan\u00f3w Zachodnich do\u0142\u0105czy\u0142y do UE &#8211; TVN24"}]},{"@type":"WebSite","@id":"https:\/\/naturoterapeuci.pl\/#website","url":"https:\/\/naturoterapeuci.pl\/","name":"Naturoterapeuci","description":"\u017byj zgodnie z Natur\u0105","potentialAction":[{"@type":"SearchAction","target":{"@type":"EntryPoint","urlTemplate":"https:\/\/naturoterapeuci.pl\/?s={search_term_string}"},"query-input":"required name=search_term_string"}],"inLanguage":"pl-PL"},{"@type":"Person","@id":"https:\/\/naturoterapeuci.pl\/#\/schema\/person\/259ed37e00a84a20ea495c60c6387ed2","name":"admin","image":{"@type":"ImageObject","inLanguage":"pl-PL","@id":"https:\/\/naturoterapeuci.pl\/#\/schema\/person\/image\/","url":"https:\/\/secure.gravatar.com\/avatar\/b34bd19e5ed172863773dc37159273523f70061ec423a40ec5cf0b2bb056f60d?s=96&d=mm&r=g","contentUrl":"https:\/\/secure.gravatar.com\/avatar\/b34bd19e5ed172863773dc37159273523f70061ec423a40ec5cf0b2bb056f60d?s=96&d=mm&r=g","caption":"admin"},"sameAs":["https:\/\/naturoterapeuci.pl"],"url":"https:\/\/naturoterapeuci.pl\/?author=1"}]}},"jetpack_featured_media_url":"","_links":{"self":[{"href":"https:\/\/naturoterapeuci.pl\/index.php?rest_route=\/wp\/v2\/posts\/2022","targetHints":{"allow":["GET"]}}],"collection":[{"href":"https:\/\/naturoterapeuci.pl\/index.php?rest_route=\/wp\/v2\/posts"}],"about":[{"href":"https:\/\/naturoterapeuci.pl\/index.php?rest_route=\/wp\/v2\/types\/post"}],"author":[{"embeddable":true,"href":"https:\/\/naturoterapeuci.pl\/index.php?rest_route=\/wp\/v2\/users\/1"}],"replies":[{"embeddable":true,"href":"https:\/\/naturoterapeuci.pl\/index.php?rest_route=%2Fwp%2Fv2%2Fcomments&post=2022"}],"version-history":[{"count":0,"href":"https:\/\/naturoterapeuci.pl\/index.php?rest_route=\/wp\/v2\/posts\/2022\/revisions"}],"wp:attachment":[{"href":"https:\/\/naturoterapeuci.pl\/index.php?rest_route=%2Fwp%2Fv2%2Fmedia&parent=2022"}],"wp:term":[{"taxonomy":"category","embeddable":true,"href":"https:\/\/naturoterapeuci.pl\/index.php?rest_route=%2Fwp%2Fv2%2Fcategories&post=2022"},{"taxonomy":"post_tag","embeddable":true,"href":"https:\/\/naturoterapeuci.pl\/index.php?rest_route=%2Fwp%2Fv2%2Ftags&post=2022"}],"curies":[{"name":"wp","href":"https:\/\/api.w.org\/{rel}","templated":true}]}}